{"id":1288,"date":"2020-04-21T19:24:15","date_gmt":"2020-04-21T17:24:15","guid":{"rendered":"http:\/\/www.kristallkluft.at\/Kristallkluft\/?p=1288"},"modified":"2020-04-21T19:35:30","modified_gmt":"2020-04-21T17:35:30","slug":"1-tour-2020","status":"publish","type":"post","link":"http:\/\/www.kristallkluft.at\/Kristallkluft\/1-tour-2020\/","title":{"rendered":"1. Tour 2020"},"content":{"rendered":"\n<p>&#8230; und schon wieder beginnt eine neue Saison und die ersten Kristalle sprie\u00dfen schon.  Diesmal ein Auftakt nach Ma\u00df mit Bergkristallen in perfekter Qualit\u00e4t.<\/p>\n\n\n\n\t\t<style type=\"text\/css\">\n\t\t\t#gallery-1 {\n\t\t\t\tmargin: auto;\n\t\t\t}\n\t\t\t#gallery-1 .gallery-item {\n\t\t\t\tfloat: left;\n\t\t\t\tmargin-top: 10px;\n\t\t\t\ttext-align: center;\n\t\t\t\twidth: 33%;\n\t\t\t}\n\t\t\t#gallery-1 img {\n\t\t\t\tborder: 2px solid #cfcfcf;\n\t\t\t}\n\t\t\t#gallery-1 .gallery-caption {\n\t\t\t\tmargin-left: 0;\n\t\t\t}\n\t\t\t\/* see gallery_shortcode() in wp-includes\/media.php *\/\n\t\t<\/style>\n\t\t<div id='gallery-1' class='gallery galleryid-1288 gallery-columns-3 gallery-size-thumbnail'><dl class='gallery-item'>\n\t\t\t<dt class='gallery-icon portrait'>\n\t\t\t\t<a href='http:\/\/www.kristallkluft.at\/Kristallkluft\/wp-content\/uploads\/2020\/04\/15874896655202.jpg' title=\"15874896655202.jpg\" data-rl_title=\"15874896655202.jpg\" class=\"rl-gallery-link\" data-rl_caption=\"Eine kleine Kluft kommt zum Vorschein..\" data-rel=\"lightbox-gallery-1\" data-magnific_type=\"gallery\"><img loading=\"lazy\" decoding=\"async\" width=\"300\" height=\"300\" src=\"http:\/\/www.kristallkluft.at\/Kristallkluft\/wp-content\/uploads\/2020\/04\/15874896655202-300x300.jpg\" class=\"attachment-thumbnail size-thumbnail\" alt=\"\" aria-describedby=\"gallery-1-1291\" srcset=\"http:\/\/www.kristallkluft.at\/Kristallkluft\/wp-content\/uploads\/2020\/04\/15874896655202-300x300.jpg 300w, http:\/\/www.kristallkluft.at\/Kristallkluft\/wp-content\/uploads\/2020\/04\/15874896655202-160x160.jpg 160w, http:\/\/www.kristallkluft.at\/Kristallkluft\/wp-content\/uploads\/2020\/04\/15874896655202-320x320.jpg 320w\" sizes=\"auto, (max-width: 300px) 100vw, 300px\" \/><\/a>\n\t\t\t<\/dt>\n\t\t\t\t<dd class='wp-caption-text gallery-caption' id='gallery-1-1291'>\n\t\t\t\tEine kleine Kluft kommt zum Vorschein..\n\t\t\t\t<\/dd><\/dl><dl class='gallery-item'>\n\t\t\t<dt class='gallery-icon portrait'>\n\t\t\t\t<a href='http:\/\/www.kristallkluft.at\/Kristallkluft\/wp-content\/uploads\/2020\/04\/15874896654881.jpg' title=\"15874896654881.jpg\" data-rl_title=\"15874896654881.jpg\" class=\"rl-gallery-link\" data-rl_caption=\"Spitze in super Qualit\u00e4t\" data-rel=\"lightbox-gallery-1\" data-magnific_type=\"gallery\"><img loading=\"lazy\" decoding=\"async\" width=\"300\" height=\"300\" src=\"http:\/\/www.kristallkluft.at\/Kristallkluft\/wp-content\/uploads\/2020\/04\/15874896654881-300x300.jpg\" class=\"attachment-thumbnail size-thumbnail\" alt=\"\" aria-describedby=\"gallery-1-1290\" srcset=\"http:\/\/www.kristallkluft.at\/Kristallkluft\/wp-content\/uploads\/2020\/04\/15874896654881-300x300.jpg 300w, http:\/\/www.kristallkluft.at\/Kristallkluft\/wp-content\/uploads\/2020\/04\/15874896654881-160x160.jpg 160w, http:\/\/www.kristallkluft.at\/Kristallkluft\/wp-content\/uploads\/2020\/04\/15874896654881-320x320.jpg 320w\" sizes=\"auto, (max-width: 300px) 100vw, 300px\" \/><\/a>\n\t\t\t<\/dt>\n\t\t\t\t<dd class='wp-caption-text gallery-caption' id='gallery-1-1290'>\n\t\t\t\tSpitze in super Qualit\u00e4t\n\t\t\t\t<\/dd><\/dl><dl class='gallery-item'>\n\t\t\t<dt class='gallery-icon landscape'>\n\t\t\t\t<a href='http:\/\/www.kristallkluft.at\/Kristallkluft\/wp-content\/uploads\/2020\/04\/15874896655583.jpg' title=\"15874896655583.jpg\" data-rl_title=\"15874896655583.jpg\" class=\"rl-gallery-link\" data-rl_caption=\"Reparierte Stufe ca. 10x7cm\" data-rel=\"lightbox-gallery-1\" data-magnific_type=\"gallery\"><img loading=\"lazy\" decoding=\"async\" width=\"300\" height=\"300\" src=\"http:\/\/www.kristallkluft.at\/Kristallkluft\/wp-content\/uploads\/2020\/04\/15874896655583-300x300.jpg\" class=\"attachment-thumbnail size-thumbnail\" alt=\"\" aria-describedby=\"gallery-1-1292\" srcset=\"http:\/\/www.kristallkluft.at\/Kristallkluft\/wp-content\/uploads\/2020\/04\/15874896655583-300x300.jpg 300w, http:\/\/www.kristallkluft.at\/Kristallkluft\/wp-content\/uploads\/2020\/04\/15874896655583-160x160.jpg 160w, http:\/\/www.kristallkluft.at\/Kristallkluft\/wp-content\/uploads\/2020\/04\/15874896655583-320x320.jpg 320w\" sizes=\"auto, (max-width: 300px) 100vw, 300px\" \/><\/a>\n\t\t\t<\/dt>\n\t\t\t\t<dd class='wp-caption-text gallery-caption' id='gallery-1-1292'>\n\t\t\t\tReparierte Stufe ca. 10x7cm\n\t\t\t\t<\/dd><\/dl><br style=\"clear: both\" \/><dl class='gallery-item'>\n\t\t\t<dt class='gallery-icon landscape'>\n\t\t\t\t<a href='http:\/\/www.kristallkluft.at\/Kristallkluft\/wp-content\/uploads\/2020\/04\/15874896655904.jpg' title=\"15874896655904.jpg\" data-rl_title=\"15874896655904.jpg\" class=\"rl-gallery-link\" data-rl_caption=\"Fensterglas ca 5 cm\" data-rel=\"lightbox-gallery-1\" data-magnific_type=\"gallery\"><img loading=\"lazy\" decoding=\"async\" width=\"300\" height=\"300\" src=\"http:\/\/www.kristallkluft.at\/Kristallkluft\/wp-content\/uploads\/2020\/04\/15874896655904-300x300.jpg\" class=\"attachment-thumbnail size-thumbnail\" alt=\"\" aria-describedby=\"gallery-1-1293\" srcset=\"http:\/\/www.kristallkluft.at\/Kristallkluft\/wp-content\/uploads\/2020\/04\/15874896655904-300x300.jpg 300w, http:\/\/www.kristallkluft.at\/Kristallkluft\/wp-content\/uploads\/2020\/04\/15874896655904-160x160.jpg 160w, http:\/\/www.kristallkluft.at\/Kristallkluft\/wp-content\/uploads\/2020\/04\/15874896655904-320x320.jpg 320w\" sizes=\"auto, (max-width: 300px) 100vw, 300px\" \/><\/a>\n\t\t\t<\/dt>\n\t\t\t\t<dd class='wp-caption-text gallery-caption' id='gallery-1-1293'>\n\t\t\t\tFensterglas ca 5 cm\n\t\t\t\t<\/dd><\/dl><dl class='gallery-item'>\n\t\t\t<dt class='gallery-icon landscape'>\n\t\t\t\t<a href='http:\/\/www.kristallkluft.at\/Kristallkluft\/wp-content\/uploads\/2020\/04\/15874896656245.jpg' title=\"15874896656245.jpg\" data-rl_title=\"15874896656245.jpg\" class=\"rl-gallery-link\" data-rl_caption=\"Schlanke Spitze 17 cm\" data-rel=\"lightbox-gallery-1\" data-magnific_type=\"gallery\"><img loading=\"lazy\" decoding=\"async\" width=\"300\" height=\"300\" src=\"http:\/\/www.kristallkluft.at\/Kristallkluft\/wp-content\/uploads\/2020\/04\/15874896656245-300x300.jpg\" class=\"attachment-thumbnail size-thumbnail\" alt=\"\" aria-describedby=\"gallery-1-1294\" srcset=\"http:\/\/www.kristallkluft.at\/Kristallkluft\/wp-content\/uploads\/2020\/04\/15874896656245-300x300.jpg 300w, http:\/\/www.kristallkluft.at\/Kristallkluft\/wp-content\/uploads\/2020\/04\/15874896656245-160x160.jpg 160w, http:\/\/www.kristallkluft.at\/Kristallkluft\/wp-content\/uploads\/2020\/04\/15874896656245-320x320.jpg 320w\" sizes=\"auto, (max-width: 300px) 100vw, 300px\" \/><\/a>\n\t\t\t<\/dt>\n\t\t\t\t<dd class='wp-caption-text gallery-caption' id='gallery-1-1294'>\n\t\t\t\tSchlanke Spitze 17 cm\n\t\t\t\t<\/dd><\/dl><dl class='gallery-item'>\n\t\t\t<dt class='gallery-icon portrait'>\n\t\t\t\t<a href='http:\/\/www.kristallkluft.at\/Kristallkluft\/wp-content\/uploads\/2020\/04\/15874896656436.jpg' title=\"15874896656436.jpg\" data-rl_title=\"15874896656436.jpg\" class=\"rl-gallery-link\" data-rl_caption=\"Spitze 13cm\" data-rel=\"lightbox-gallery-1\" data-magnific_type=\"gallery\"><img loading=\"lazy\" decoding=\"async\" width=\"300\" height=\"300\" src=\"http:\/\/www.kristallkluft.at\/Kristallkluft\/wp-content\/uploads\/2020\/04\/15874896656436-300x300.jpg\" class=\"attachment-thumbnail size-thumbnail\" alt=\"\" aria-describedby=\"gallery-1-1295\" srcset=\"http:\/\/www.kristallkluft.at\/Kristallkluft\/wp-content\/uploads\/2020\/04\/15874896656436-300x300.jpg 300w, http:\/\/www.kristallkluft.at\/Kristallkluft\/wp-content\/uploads\/2020\/04\/15874896656436-160x160.jpg 160w, http:\/\/www.kristallkluft.at\/Kristallkluft\/wp-content\/uploads\/2020\/04\/15874896656436-320x320.jpg 320w\" sizes=\"auto, (max-width: 300px) 100vw, 300px\" \/><\/a>\n\t\t\t<\/dt>\n\t\t\t\t<dd class='wp-caption-text gallery-caption' id='gallery-1-1295'>\n\t\t\t\tSpitze 13cm \n\t\t\t\t<\/dd><\/dl><br style=\"clear: both\" \/>\n\t\t<\/div>\n\n<div>\u00a0<\/div>","protected":false},"excerpt":{"rendered":"<p>&#8230; und schon wieder beginnt eine neue Saison und die ersten Kristalle sprie\u00dfen schon. Diesmal ein Auftakt nach Ma\u00df mit Bergkristallen in perfekter Qualit\u00e4t. \u00a0<\/p>\n","protected":false},"author":12,"featured_media":1290,"comment_status":"open","ping_status":"open","sticky":false,"template":"","format":"gallery","meta":{"footnotes":""},"categories":[4],"tags":[],"class_list":["post-1288","post","type-post","status-publish","format-gallery","has-post-thumbnail","hentry","category-tourenberichte","post_format-gallery"],"_links":{"self":[{"href":"http:\/\/www.kristallkluft.at\/Kristallkluft\/wp-json\/wp\/v2\/posts\/1288","targetHints":{"allow":["GET"]}}],"collection":[{"href":"http:\/\/www.kristallkluft.at\/Kristallkluft\/wp-json\/wp\/v2\/posts"}],"about":[{"href":"http:\/\/www.kristallkluft.at\/Kristallkluft\/wp-json\/wp\/v2\/types\/post"}],"author":[{"embeddable":true,"href":"http:\/\/www.kristallkluft.at\/Kristallkluft\/wp-json\/wp\/v2\/users\/12"}],"replies":[{"embeddable":true,"href":"http:\/\/www.kristallkluft.at\/Kristallkluft\/wp-json\/wp\/v2\/comments?post=1288"}],"version-history":[{"count":2,"href":"http:\/\/www.kristallkluft.at\/Kristallkluft\/wp-json\/wp\/v2\/posts\/1288\/revisions"}],"predecessor-version":[{"id":1307,"href":"http:\/\/www.kristallkluft.at\/Kristallkluft\/wp-json\/wp\/v2\/posts\/1288\/revisions\/1307"}],"wp:featuredmedia":[{"embeddable":true,"href":"http:\/\/www.kristallkluft.at\/Kristallkluft\/wp-json\/wp\/v2\/media\/1290"}],"wp:attachment":[{"href":"http:\/\/www.kristallkluft.at\/Kristallkluft\/wp-json\/wp\/v2\/media?parent=1288"}],"wp:term":[{"taxonomy":"category","embeddable":true,"href":"http:\/\/www.kristallkluft.at\/Kristallkluft\/wp-json\/wp\/v2\/categories?post=1288"},{"taxonomy":"post_tag","embeddable":true,"href":"http:\/\/www.kristallkluft.at\/Kristallkluft\/wp-json\/wp\/v2\/tags?post=1288"}],"curies":[{"name":"wp","href":"https:\/\/api.w.org\/{rel}","templated":true}]}}