{"id":272,"date":"2016-04-15T12:42:01","date_gmt":"2016-04-15T10:42:01","guid":{"rendered":"http:\/\/www.kristallkluft.at\/Kristallkluft\/?p=272"},"modified":"2017-04-16T11:09:56","modified_gmt":"2017-04-16T09:09:56","slug":"3-tour-maltatal","status":"publish","type":"post","link":"http:\/\/www.kristallkluft.at\/Kristallkluft\/3-tour-maltatal\/","title":{"rendered":"3. Tour &#8211; Maltatal"},"content":{"rendered":"<p>Bevor es nach Bramberg geht noch einmal schnell ins Gel\u00e4nde und ein paar Kl\u00fcfterl\u00a0suchen. Hat auch gleich geklappt. Also wenn das heuer so weiter geht freue ich mich schon auf den Sommer.. ;-))<\/p>\n\n\t\t<style type=\"text\/css\">\n\t\t\t#gallery-1 {\n\t\t\t\tmargin: auto;\n\t\t\t}\n\t\t\t#gallery-1 .gallery-item {\n\t\t\t\tfloat: left;\n\t\t\t\tmargin-top: 10px;\n\t\t\t\ttext-align: center;\n\t\t\t\twidth: 33%;\n\t\t\t}\n\t\t\t#gallery-1 img {\n\t\t\t\tborder: 2px solid #cfcfcf;\n\t\t\t}\n\t\t\t#gallery-1 .gallery-caption {\n\t\t\t\tmargin-left: 0;\n\t\t\t}\n\t\t\t\/* see gallery_shortcode() in wp-includes\/media.php *\/\n\t\t<\/style>\n\t\t<div id='gallery-1' class='gallery galleryid-272 gallery-columns-3 gallery-size-thumbnail'><dl class='gallery-item'>\n\t\t\t<dt class='gallery-icon landscape'>\n\t\t\t\t<a href='http:\/\/www.kristallkluft.at\/Kristallkluft\/wp-content\/uploads\/2016\/04\/14609760674027.jpg' title=\"14609760674027\" data-rl_title=\"14609760674027\" class=\"rl-gallery-link\" data-rl_caption=\"Jeder hat sein Kl\u00fcfterl\" data-rel=\"lightbox-gallery-1\" data-magnific_type=\"gallery\"><img loading=\"lazy\" decoding=\"async\" width=\"150\" height=\"150\" src=\"http:\/\/www.kristallkluft.at\/Kristallkluft\/wp-content\/uploads\/2016\/04\/14609760674027-150x150.jpg\" class=\"attachment-thumbnail size-thumbnail\" alt=\"\" aria-describedby=\"gallery-1-280\" srcset=\"http:\/\/www.kristallkluft.at\/Kristallkluft\/wp-content\/uploads\/2016\/04\/14609760674027-150x150.jpg 150w, http:\/\/www.kristallkluft.at\/Kristallkluft\/wp-content\/uploads\/2016\/04\/14609760674027-160x160.jpg 160w, http:\/\/www.kristallkluft.at\/Kristallkluft\/wp-content\/uploads\/2016\/04\/14609760674027-320x320.jpg 320w\" sizes=\"auto, (max-width: 150px) 100vw, 150px\" \/><\/a>\n\t\t\t<\/dt>\n\t\t\t\t<dd class='wp-caption-text gallery-caption' id='gallery-1-280'>\n\t\t\t\tJeder hat sein Kl\u00fcfterl \n\t\t\t\t<\/dd><\/dl><dl class='gallery-item'>\n\t\t\t<dt class='gallery-icon portrait'>\n\t\t\t\t<a href='http:\/\/www.kristallkluft.at\/Kristallkluft\/wp-content\/uploads\/2016\/04\/14609760667810.jpg' title=\"14609760667810\" data-rl_title=\"14609760667810\" class=\"rl-gallery-link\" data-rl_caption=\"Nr. 1 ...und schon kommen erste Spitzen - ca 7cm\" data-rel=\"lightbox-gallery-1\" data-magnific_type=\"gallery\"><img loading=\"lazy\" decoding=\"async\" width=\"150\" height=\"150\" src=\"http:\/\/www.kristallkluft.at\/Kristallkluft\/wp-content\/uploads\/2016\/04\/14609760667810-150x150.jpg\" class=\"attachment-thumbnail size-thumbnail\" alt=\"\" aria-describedby=\"gallery-1-274\" srcset=\"http:\/\/www.kristallkluft.at\/Kristallkluft\/wp-content\/uploads\/2016\/04\/14609760667810-150x150.jpg 150w, http:\/\/www.kristallkluft.at\/Kristallkluft\/wp-content\/uploads\/2016\/04\/14609760667810-160x160.jpg 160w, http:\/\/www.kristallkluft.at\/Kristallkluft\/wp-content\/uploads\/2016\/04\/14609760667810-320x320.jpg 320w\" sizes=\"auto, (max-width: 150px) 100vw, 150px\" \/><\/a>\n\t\t\t<\/dt>\n\t\t\t\t<dd class='wp-caption-text gallery-caption' id='gallery-1-274'>\n\t\t\t\tNr. 1 &#8230;und schon kommen erste Spitzen &#8211; ca 7cm \n\t\t\t\t<\/dd><\/dl><dl class='gallery-item'>\n\t\t\t<dt class='gallery-icon landscape'>\n\t\t\t\t<a href='http:\/\/www.kristallkluft.at\/Kristallkluft\/wp-content\/uploads\/2016\/04\/14609760670463.jpg' title=\"14609760670463\" data-rl_title=\"14609760670463\" class=\"rl-gallery-link\" data-rl_caption=\"leider wieder einmal alles Einzelspitzen\" data-rel=\"lightbox-gallery-1\" data-magnific_type=\"gallery\"><img loading=\"lazy\" decoding=\"async\" width=\"150\" height=\"150\" src=\"http:\/\/www.kristallkluft.at\/Kristallkluft\/wp-content\/uploads\/2016\/04\/14609760670463-150x150.jpg\" class=\"attachment-thumbnail size-thumbnail\" alt=\"\" aria-describedby=\"gallery-1-276\" srcset=\"http:\/\/www.kristallkluft.at\/Kristallkluft\/wp-content\/uploads\/2016\/04\/14609760670463-150x150.jpg 150w, http:\/\/www.kristallkluft.at\/Kristallkluft\/wp-content\/uploads\/2016\/04\/14609760670463-160x160.jpg 160w, http:\/\/www.kristallkluft.at\/Kristallkluft\/wp-content\/uploads\/2016\/04\/14609760670463-320x320.jpg 320w\" sizes=\"auto, (max-width: 150px) 100vw, 150px\" \/><\/a>\n\t\t\t<\/dt>\n\t\t\t\t<dd class='wp-caption-text gallery-caption' id='gallery-1-276'>\n\t\t\t\tleider wieder einmal alles Einzelspitzen\n\t\t\t\t<\/dd><\/dl><br style=\"clear: both\" \/><dl class='gallery-item'>\n\t\t\t<dt class='gallery-icon landscape'>\n\t\t\t\t<a href='http:\/\/www.kristallkluft.at\/Kristallkluft\/wp-content\/uploads\/2016\/04\/14609760668802.jpg' title=\"14609760668802\" data-rl_title=\"14609760668802\" class=\"rl-gallery-link\" data-rl_caption=\"daf\u00fcr mit sch\u00f6ner Qualit\u00e4t\" data-rel=\"lightbox-gallery-1\" data-magnific_type=\"gallery\"><img loading=\"lazy\" decoding=\"async\" width=\"150\" height=\"150\" src=\"http:\/\/www.kristallkluft.at\/Kristallkluft\/wp-content\/uploads\/2016\/04\/14609760668802-150x150.jpg\" class=\"attachment-thumbnail size-thumbnail\" alt=\"\" aria-describedby=\"gallery-1-275\" srcset=\"http:\/\/www.kristallkluft.at\/Kristallkluft\/wp-content\/uploads\/2016\/04\/14609760668802-150x150.jpg 150w, http:\/\/www.kristallkluft.at\/Kristallkluft\/wp-content\/uploads\/2016\/04\/14609760668802-160x160.jpg 160w, http:\/\/www.kristallkluft.at\/Kristallkluft\/wp-content\/uploads\/2016\/04\/14609760668802-320x320.jpg 320w\" sizes=\"auto, (max-width: 150px) 100vw, 150px\" \/><\/a>\n\t\t\t<\/dt>\n\t\t\t\t<dd class='wp-caption-text gallery-caption' id='gallery-1-275'>\n\t\t\t\tdaf\u00fcr mit sch\u00f6ner Qualit\u00e4t\n\t\t\t\t<\/dd><\/dl><dl class='gallery-item'>\n\t\t\t<dt class='gallery-icon landscape'>\n\t\t\t\t<a href='http:\/\/www.kristallkluft.at\/Kristallkluft\/wp-content\/uploads\/2016\/04\/14609760668161.jpg' title=\"14609760668161\" data-rl_title=\"14609760668161\" class=\"rl-gallery-link\" data-rl_caption=\"ca. 5cm\" data-rel=\"lightbox-gallery-1\" data-magnific_type=\"gallery\"><img loading=\"lazy\" decoding=\"async\" width=\"150\" height=\"150\" src=\"http:\/\/www.kristallkluft.at\/Kristallkluft\/wp-content\/uploads\/2016\/04\/14609760668161-150x150.jpg\" class=\"attachment-thumbnail size-thumbnail\" alt=\"\" aria-describedby=\"gallery-1-273\" srcset=\"http:\/\/www.kristallkluft.at\/Kristallkluft\/wp-content\/uploads\/2016\/04\/14609760668161-150x150.jpg 150w, http:\/\/www.kristallkluft.at\/Kristallkluft\/wp-content\/uploads\/2016\/04\/14609760668161-160x160.jpg 160w, http:\/\/www.kristallkluft.at\/Kristallkluft\/wp-content\/uploads\/2016\/04\/14609760668161-320x320.jpg 320w\" sizes=\"auto, (max-width: 150px) 100vw, 150px\" \/><\/a>\n\t\t\t<\/dt>\n\t\t\t\t<dd class='wp-caption-text gallery-caption' id='gallery-1-273'>\n\t\t\t\tca. 5cm\n\t\t\t\t<\/dd><\/dl><dl class='gallery-item'>\n\t\t\t<dt class='gallery-icon portrait'>\n\t\t\t\t<a href='http:\/\/www.kristallkluft.at\/Kristallkluft\/wp-content\/uploads\/2016\/04\/14609760673036.jpg' title=\"14609760673036\" data-rl_title=\"14609760673036\" class=\"rl-gallery-link\" data-rl_caption=\"Und Kluft Nr 2\" data-rel=\"lightbox-gallery-1\" data-magnific_type=\"gallery\"><img loading=\"lazy\" decoding=\"async\" width=\"150\" height=\"150\" src=\"http:\/\/www.kristallkluft.at\/Kristallkluft\/wp-content\/uploads\/2016\/04\/14609760673036-150x150.jpg\" class=\"attachment-thumbnail size-thumbnail\" alt=\"\" aria-describedby=\"gallery-1-279\" srcset=\"http:\/\/www.kristallkluft.at\/Kristallkluft\/wp-content\/uploads\/2016\/04\/14609760673036-150x150.jpg 150w, http:\/\/www.kristallkluft.at\/Kristallkluft\/wp-content\/uploads\/2016\/04\/14609760673036-160x160.jpg 160w, http:\/\/www.kristallkluft.at\/Kristallkluft\/wp-content\/uploads\/2016\/04\/14609760673036-320x320.jpg 320w\" sizes=\"auto, (max-width: 150px) 100vw, 150px\" \/><\/a>\n\t\t\t<\/dt>\n\t\t\t\t<dd class='wp-caption-text gallery-caption' id='gallery-1-279'>\n\t\t\t\tUnd Kluft Nr 2\n\t\t\t\t<\/dd><\/dl><br style=\"clear: both\" \/><dl class='gallery-item'>\n\t\t\t<dt class='gallery-icon landscape'>\n\t\t\t\t<a href='http:\/\/www.kristallkluft.at\/Kristallkluft\/wp-content\/uploads\/2016\/04\/14609760671954.jpg' title=\"14609760671954\" data-rl_title=\"14609760671954\" class=\"rl-gallery-link\" data-rl_caption=\"Diesmal mit Nadelquartz\" data-rel=\"lightbox-gallery-1\" data-magnific_type=\"gallery\"><img loading=\"lazy\" decoding=\"async\" width=\"150\" height=\"150\" src=\"http:\/\/www.kristallkluft.at\/Kristallkluft\/wp-content\/uploads\/2016\/04\/14609760671954-150x150.jpg\" class=\"attachment-thumbnail size-thumbnail\" alt=\"\" aria-describedby=\"gallery-1-277\" srcset=\"http:\/\/www.kristallkluft.at\/Kristallkluft\/wp-content\/uploads\/2016\/04\/14609760671954-150x150.jpg 150w, http:\/\/www.kristallkluft.at\/Kristallkluft\/wp-content\/uploads\/2016\/04\/14609760671954-160x160.jpg 160w, http:\/\/www.kristallkluft.at\/Kristallkluft\/wp-content\/uploads\/2016\/04\/14609760671954-320x320.jpg 320w\" sizes=\"auto, (max-width: 150px) 100vw, 150px\" \/><\/a>\n\t\t\t<\/dt>\n\t\t\t\t<dd class='wp-caption-text gallery-caption' id='gallery-1-277'>\n\t\t\t\tDiesmal mit Nadelquartz\n\t\t\t\t<\/dd><\/dl><dl class='gallery-item'>\n\t\t\t<dt class='gallery-icon landscape'>\n\t\t\t\t<a href='http:\/\/www.kristallkluft.at\/Kristallkluft\/wp-content\/uploads\/2016\/04\/14609760672005.jpg' title=\"14609760672005\" data-rl_title=\"14609760672005\" class=\"rl-gallery-link\" data-rl_caption=\"Klein aber fein\" data-rel=\"lightbox-gallery-1\" data-magnific_type=\"gallery\"><img loading=\"lazy\" decoding=\"async\" width=\"150\" height=\"150\" src=\"http:\/\/www.kristallkluft.at\/Kristallkluft\/wp-content\/uploads\/2016\/04\/14609760672005-150x150.jpg\" class=\"attachment-thumbnail size-thumbnail\" alt=\"\" aria-describedby=\"gallery-1-278\" srcset=\"http:\/\/www.kristallkluft.at\/Kristallkluft\/wp-content\/uploads\/2016\/04\/14609760672005-150x150.jpg 150w, http:\/\/www.kristallkluft.at\/Kristallkluft\/wp-content\/uploads\/2016\/04\/14609760672005-160x160.jpg 160w, http:\/\/www.kristallkluft.at\/Kristallkluft\/wp-content\/uploads\/2016\/04\/14609760672005-320x320.jpg 320w\" sizes=\"auto, (max-width: 150px) 100vw, 150px\" \/><\/a>\n\t\t\t<\/dt>\n\t\t\t\t<dd class='wp-caption-text gallery-caption' id='gallery-1-278'>\n\t\t\t\tKlein aber fein\n\t\t\t\t<\/dd><\/dl>\n\t\t\t<br style='clear: both' \/>\n\t\t<\/div>\n\n","protected":false},"excerpt":{"rendered":"<p>Bevor es nach Bramberg geht noch einmal schnell ins Gel\u00e4nde und ein paar Kl\u00fcfterl\u00a0suchen. Hat auch gleich geklappt. Also wenn das heuer so weiter geht freue ich mich schon auf den Sommer.. ;-))<\/p>\n","protected":false},"author":2,"featured_media":273,"comment_status":"open","ping_status":"open","sticky":false,"template":"","format":"gallery","meta":{"footnotes":""},"categories":[10],"tags":[],"class_list":["post-272","post","type-post","status-publish","format-gallery","has-post-thumbnail","hentry","category-touren-archiv","post_format-post-format-gallery"],"_links":{"self":[{"href":"http:\/\/www.kristallkluft.at\/Kristallkluft\/wp-json\/wp\/v2\/posts\/272","targetHints":{"allow":["GET"]}}],"collection":[{"href":"http:\/\/www.kristallkluft.at\/Kristallkluft\/wp-json\/wp\/v2\/posts"}],"about":[{"href":"http:\/\/www.kristallkluft.at\/Kristallkluft\/wp-json\/wp\/v2\/types\/post"}],"author":[{"embeddable":true,"href":"http:\/\/www.kristallkluft.at\/Kristallkluft\/wp-json\/wp\/v2\/users\/2"}],"replies":[{"embeddable":true,"href":"http:\/\/www.kristallkluft.at\/Kristallkluft\/wp-json\/wp\/v2\/comments?post=272"}],"version-history":[{"count":4,"href":"http:\/\/www.kristallkluft.at\/Kristallkluft\/wp-json\/wp\/v2\/posts\/272\/revisions"}],"predecessor-version":[{"id":285,"href":"http:\/\/www.kristallkluft.at\/Kristallkluft\/wp-json\/wp\/v2\/posts\/272\/revisions\/285"}],"wp:featuredmedia":[{"embeddable":true,"href":"http:\/\/www.kristallkluft.at\/Kristallkluft\/wp-json\/wp\/v2\/media\/273"}],"wp:attachment":[{"href":"http:\/\/www.kristallkluft.at\/Kristallkluft\/wp-json\/wp\/v2\/media?parent=272"}],"wp:term":[{"taxonomy":"category","embeddable":true,"href":"http:\/\/www.kristallkluft.at\/Kristallkluft\/wp-json\/wp\/v2\/categories?post=272"},{"taxonomy":"post_tag","embeddable":true,"href":"http:\/\/www.kristallkluft.at\/Kristallkluft\/wp-json\/wp\/v2\/tags?post=272"}],"curies":[{"name":"wp","href":"https:\/\/api.w.org\/{rel}","templated":true}]}}