{"id":545,"date":"2016-08-10T14:14:38","date_gmt":"2016-08-10T12:14:38","guid":{"rendered":"http:\/\/www.kristallkluft.at\/Kristallkluft\/?p=545"},"modified":"2017-04-16T11:11:07","modified_gmt":"2017-04-16T09:11:07","slug":"11-tour-reisseck","status":"publish","type":"post","link":"http:\/\/www.kristallkluft.at\/Kristallkluft\/11-tour-reisseck\/","title":{"rendered":"11. Tour &#8211; Reisseck"},"content":{"rendered":"<p>Oft gibt es Fundgebiete die man schon des \u00f6fteren besucht hat und eigentlich der Meinung ist, dass es dort nichts mehr zu finden gibt. Nach zwei Jahren habe ich mich aber wieder einmal \u00fcberwinden k\u00f6nnen und bin dort wieder auf die Suche gegangen. Das ich dabei gleich zwei sch\u00f6ne Kl\u00fcfte finden konnte, war sehr \u00fcberraschend f\u00fcr mich. An der zweiten Kluft hatte ich und auch schon andere gearbeitet, aber erst diesmal ist es mir gelungen den sehr gut versteckten Hohlraum zu finden. Also nie aufgeben und die Augen auf,\u00a0dann geht immer noch etwas. Ein paar Fotos unten..<\/p>\n\n\t\t<style type=\"text\/css\">\n\t\t\t#gallery-1 {\n\t\t\t\tmargin: auto;\n\t\t\t}\n\t\t\t#gallery-1 .gallery-item {\n\t\t\t\tfloat: left;\n\t\t\t\tmargin-top: 10px;\n\t\t\t\ttext-align: center;\n\t\t\t\twidth: 33%;\n\t\t\t}\n\t\t\t#gallery-1 img {\n\t\t\t\tborder: 2px solid #cfcfcf;\n\t\t\t}\n\t\t\t#gallery-1 .gallery-caption {\n\t\t\t\tmargin-left: 0;\n\t\t\t}\n\t\t\t\/* see gallery_shortcode() in wp-includes\/media.php *\/\n\t\t<\/style>\n\t\t<div id='gallery-1' class='gallery galleryid-545 gallery-columns-3 gallery-size-thumbnail'><dl class='gallery-item'>\n\t\t\t<dt class='gallery-icon portrait'>\n\t\t\t\t<a href='http:\/\/www.kristallkluft.at\/Kristallkluft\/wp-content\/uploads\/2016\/09\/14731640499030.jpg' title=\"verst\u00fcrzte Kluft\" data-rl_title=\"verst\u00fcrzte Kluft\" class=\"rl-gallery-link\" data-rl_caption=\"Eine verst\u00fcrzte Kluft kommt zum Vorschein\" data-rel=\"lightbox-gallery-1\" data-magnific_type=\"gallery\"><img loading=\"lazy\" decoding=\"async\" width=\"150\" height=\"150\" src=\"http:\/\/www.kristallkluft.at\/Kristallkluft\/wp-content\/uploads\/2016\/09\/14731640499030-150x150.jpg\" class=\"attachment-thumbnail size-thumbnail\" alt=\"\" aria-describedby=\"gallery-1-548\" srcset=\"http:\/\/www.kristallkluft.at\/Kristallkluft\/wp-content\/uploads\/2016\/09\/14731640499030-150x150.jpg 150w, http:\/\/www.kristallkluft.at\/Kristallkluft\/wp-content\/uploads\/2016\/09\/14731640499030-160x160.jpg 160w, http:\/\/www.kristallkluft.at\/Kristallkluft\/wp-content\/uploads\/2016\/09\/14731640499030-320x320.jpg 320w\" sizes=\"auto, (max-width: 150px) 100vw, 150px\" \/><\/a>\n\t\t\t<\/dt>\n\t\t\t\t<dd class='wp-caption-text gallery-caption' id='gallery-1-548'>\n\t\t\t\tEine verst\u00fcrzte Kluft kommt zum Vorschein\n\t\t\t\t<\/dd><\/dl><dl class='gallery-item'>\n\t\t\t<dt class='gallery-icon landscape'>\n\t\t\t\t<a href='http:\/\/www.kristallkluft.at\/Kristallkluft\/wp-content\/uploads\/2016\/09\/14731640501173.jpg' title=\"Nadelquarze\" data-rl_title=\"Nadelquarze\" class=\"rl-gallery-link\" data-rl_caption=\"Viele Nadelquarze mit Kalzit sind enthalten\" data-rel=\"lightbox-gallery-1\" data-magnific_type=\"gallery\"><img loading=\"lazy\" decoding=\"async\" width=\"150\" height=\"150\" src=\"http:\/\/www.kristallkluft.at\/Kristallkluft\/wp-content\/uploads\/2016\/09\/14731640501173-150x150.jpg\" class=\"attachment-thumbnail size-thumbnail\" alt=\"\" aria-describedby=\"gallery-1-549\" srcset=\"http:\/\/www.kristallkluft.at\/Kristallkluft\/wp-content\/uploads\/2016\/09\/14731640501173-150x150.jpg 150w, http:\/\/www.kristallkluft.at\/Kristallkluft\/wp-content\/uploads\/2016\/09\/14731640501173-160x160.jpg 160w, http:\/\/www.kristallkluft.at\/Kristallkluft\/wp-content\/uploads\/2016\/09\/14731640501173-320x320.jpg 320w\" sizes=\"auto, (max-width: 150px) 100vw, 150px\" \/><\/a>\n\t\t\t<\/dt>\n\t\t\t\t<dd class='wp-caption-text gallery-caption' id='gallery-1-549'>\n\t\t\t\tViele Nadelquarze mit Kalzit sind enthalten\n\t\t\t\t<\/dd><\/dl><dl class='gallery-item'>\n\t\t\t<dt class='gallery-icon landscape'>\n\t\t\t\t<a href='http:\/\/www.kristallkluft.at\/Kristallkluft\/wp-content\/uploads\/2016\/09\/14731640511412.jpg' title=\"Stufe gereinigt 25 x 15 cm\" data-rl_title=\"Stufe gereinigt 25 x 15 cm\" class=\"rl-gallery-link\" data-rl_caption=\"Sehr sch\u00f6ne Stufe mit chloritisierten Spitzen auf Kalzit und Matrix\" data-rel=\"lightbox-gallery-1\" data-magnific_type=\"gallery\"><img loading=\"lazy\" decoding=\"async\" width=\"150\" height=\"150\" src=\"http:\/\/www.kristallkluft.at\/Kristallkluft\/wp-content\/uploads\/2016\/09\/14731640511412-150x150.jpg\" class=\"attachment-thumbnail size-thumbnail\" alt=\"\" aria-describedby=\"gallery-1-558\" srcset=\"http:\/\/www.kristallkluft.at\/Kristallkluft\/wp-content\/uploads\/2016\/09\/14731640511412-150x150.jpg 150w, http:\/\/www.kristallkluft.at\/Kristallkluft\/wp-content\/uploads\/2016\/09\/14731640511412-160x160.jpg 160w, http:\/\/www.kristallkluft.at\/Kristallkluft\/wp-content\/uploads\/2016\/09\/14731640511412-320x320.jpg 320w\" sizes=\"auto, (max-width: 150px) 100vw, 150px\" \/><\/a>\n\t\t\t<\/dt>\n\t\t\t\t<dd class='wp-caption-text gallery-caption' id='gallery-1-558'>\n\t\t\t\tSehr sch\u00f6ne Stufe mit chloritisierten Spitzen auf Kalzit und Matrix\n\t\t\t\t<\/dd><\/dl><br style=\"clear: both\" \/><dl class='gallery-item'>\n\t\t\t<dt class='gallery-icon portrait'>\n\t\t\t\t<a href='http:\/\/www.kristallkluft.at\/Kristallkluft\/wp-content\/uploads\/2016\/09\/14731640510551.jpg' title=\"Stufe 8x6cm\" data-rl_title=\"Stufe 8x6cm\" class=\"rl-gallery-link\" data-rl_caption=\"Kleine klare Spitzen mit Kalzit und Chlorit\" data-rel=\"lightbox-gallery-1\" data-magnific_type=\"gallery\"><img loading=\"lazy\" decoding=\"async\" width=\"150\" height=\"150\" src=\"http:\/\/www.kristallkluft.at\/Kristallkluft\/wp-content\/uploads\/2016\/09\/14731640510551-150x150.jpg\" class=\"attachment-thumbnail size-thumbnail\" alt=\"\" aria-describedby=\"gallery-1-557\" srcset=\"http:\/\/www.kristallkluft.at\/Kristallkluft\/wp-content\/uploads\/2016\/09\/14731640510551-150x150.jpg 150w, http:\/\/www.kristallkluft.at\/Kristallkluft\/wp-content\/uploads\/2016\/09\/14731640510551-160x160.jpg 160w, http:\/\/www.kristallkluft.at\/Kristallkluft\/wp-content\/uploads\/2016\/09\/14731640510551-320x320.jpg 320w\" sizes=\"auto, (max-width: 150px) 100vw, 150px\" \/><\/a>\n\t\t\t<\/dt>\n\t\t\t\t<dd class='wp-caption-text gallery-caption' id='gallery-1-557'>\n\t\t\t\tKleine klare Spitzen mit Kalzit und Chlorit\n\t\t\t\t<\/dd><\/dl><dl class='gallery-item'>\n\t\t\t<dt class='gallery-icon portrait'>\n\t\t\t\t<a href='http:\/\/www.kristallkluft.at\/Kristallkluft\/wp-content\/uploads\/2016\/09\/14731640513423.jpg' title=\"Verwachsung 4 x 3 cm\" data-rl_title=\"Verwachsung 4 x 3 cm\" class=\"rl-gallery-link\" data-rl_caption=\"Sehr sch\u00f6nes Gebilde .. verr\u00fcckte Kluft\" data-rel=\"lightbox-gallery-1\" data-magnific_type=\"gallery\"><img loading=\"lazy\" decoding=\"async\" width=\"150\" height=\"150\" src=\"http:\/\/www.kristallkluft.at\/Kristallkluft\/wp-content\/uploads\/2016\/09\/14731640513423-150x150.jpg\" class=\"attachment-thumbnail size-thumbnail\" alt=\"\" aria-describedby=\"gallery-1-559\" srcset=\"http:\/\/www.kristallkluft.at\/Kristallkluft\/wp-content\/uploads\/2016\/09\/14731640513423-150x150.jpg 150w, http:\/\/www.kristallkluft.at\/Kristallkluft\/wp-content\/uploads\/2016\/09\/14731640513423-160x160.jpg 160w, http:\/\/www.kristallkluft.at\/Kristallkluft\/wp-content\/uploads\/2016\/09\/14731640513423-320x320.jpg 320w\" sizes=\"auto, (max-width: 150px) 100vw, 150px\" \/><\/a>\n\t\t\t<\/dt>\n\t\t\t\t<dd class='wp-caption-text gallery-caption' id='gallery-1-559'>\n\t\t\t\tSehr sch\u00f6nes Gebilde .. verr\u00fcckte Kluft\n\t\t\t\t<\/dd><\/dl><dl class='gallery-item'>\n\t\t\t<dt class='gallery-icon landscape'>\n\t\t\t\t<a href='http:\/\/www.kristallkluft.at\/Kristallkluft\/wp-content\/uploads\/2016\/09\/14731640504154.jpg' title=\"Kaffeepause\" data-rl_title=\"Kaffeepause\" class=\"rl-gallery-link\" data-rl_caption=\"Nach der ersten Kluft gibt es erst einmal eine Kaffeepause .. Danke an den Spender\" data-rel=\"lightbox-gallery-1\" data-magnific_type=\"gallery\"><img loading=\"lazy\" decoding=\"async\" width=\"150\" height=\"150\" src=\"http:\/\/www.kristallkluft.at\/Kristallkluft\/wp-content\/uploads\/2016\/09\/14731640504154-150x150.jpg\" class=\"attachment-thumbnail size-thumbnail\" alt=\"\" aria-describedby=\"gallery-1-550\" srcset=\"http:\/\/www.kristallkluft.at\/Kristallkluft\/wp-content\/uploads\/2016\/09\/14731640504154-150x150.jpg 150w, http:\/\/www.kristallkluft.at\/Kristallkluft\/wp-content\/uploads\/2016\/09\/14731640504154-160x160.jpg 160w, http:\/\/www.kristallkluft.at\/Kristallkluft\/wp-content\/uploads\/2016\/09\/14731640504154-320x320.jpg 320w\" sizes=\"auto, (max-width: 150px) 100vw, 150px\" \/><\/a>\n\t\t\t<\/dt>\n\t\t\t\t<dd class='wp-caption-text gallery-caption' id='gallery-1-550'>\n\t\t\t\tNach der ersten Kluft gibt es erst einmal eine Kaffeepause .. Danke an den Spender\n\t\t\t\t<\/dd><\/dl><br style=\"clear: both\" \/><dl class='gallery-item'>\n\t\t\t<dt class='gallery-icon portrait'>\n\t\t\t\t<a href='http:\/\/www.kristallkluft.at\/Kristallkluft\/wp-content\/uploads\/2016\/09\/14731640505905.jpg' title=\"2te Kluft\" data-rl_title=\"2te Kluft\" class=\"rl-gallery-link\" data-rl_caption=\"2te Kluft\" data-rel=\"lightbox-gallery-1\" data-magnific_type=\"gallery\"><img loading=\"lazy\" decoding=\"async\" width=\"150\" height=\"150\" src=\"http:\/\/www.kristallkluft.at\/Kristallkluft\/wp-content\/uploads\/2016\/09\/14731640505905-150x150.jpg\" class=\"attachment-thumbnail size-thumbnail\" alt=\"\" aria-describedby=\"gallery-1-551\" srcset=\"http:\/\/www.kristallkluft.at\/Kristallkluft\/wp-content\/uploads\/2016\/09\/14731640505905-150x150.jpg 150w, http:\/\/www.kristallkluft.at\/Kristallkluft\/wp-content\/uploads\/2016\/09\/14731640505905-160x160.jpg 160w, http:\/\/www.kristallkluft.at\/Kristallkluft\/wp-content\/uploads\/2016\/09\/14731640505905-320x320.jpg 320w\" sizes=\"auto, (max-width: 150px) 100vw, 150px\" \/><\/a>\n\t\t\t<\/dt>\n\t\t\t\t<dd class='wp-caption-text gallery-caption' id='gallery-1-551'>\n\t\t\t\t2te Kluft\n\t\t\t\t<\/dd><\/dl><dl class='gallery-item'>\n\t\t\t<dt class='gallery-icon portrait'>\n\t\t\t\t<a href='http:\/\/www.kristallkluft.at\/Kristallkluft\/wp-content\/uploads\/2016\/09\/14731640505956.jpg' title=\"Klare Spitzen\" data-rl_title=\"Klare Spitzen\" class=\"rl-gallery-link\" data-rl_caption=\"Glasklare Spitzen ca. 8 cm\" data-rel=\"lightbox-gallery-1\" data-magnific_type=\"gallery\"><img loading=\"lazy\" decoding=\"async\" width=\"150\" height=\"150\" src=\"http:\/\/www.kristallkluft.at\/Kristallkluft\/wp-content\/uploads\/2016\/09\/14731640505956-150x150.jpg\" class=\"attachment-thumbnail size-thumbnail\" alt=\"\" aria-describedby=\"gallery-1-552\" srcset=\"http:\/\/www.kristallkluft.at\/Kristallkluft\/wp-content\/uploads\/2016\/09\/14731640505956-150x150.jpg 150w, http:\/\/www.kristallkluft.at\/Kristallkluft\/wp-content\/uploads\/2016\/09\/14731640505956-160x160.jpg 160w, http:\/\/www.kristallkluft.at\/Kristallkluft\/wp-content\/uploads\/2016\/09\/14731640505956-320x320.jpg 320w\" sizes=\"auto, (max-width: 150px) 100vw, 150px\" \/><\/a>\n\t\t\t<\/dt>\n\t\t\t\t<dd class='wp-caption-text gallery-caption' id='gallery-1-552'>\n\t\t\t\tGlasklare Spitzen ca. 8 cm\n\t\t\t\t<\/dd><\/dl><dl class='gallery-item'>\n\t\t\t<dt class='gallery-icon portrait'>\n\t\t\t\t<a href='http:\/\/www.kristallkluft.at\/Kristallkluft\/wp-content\/uploads\/2016\/09\/14731640506057.jpg' title=\"Angel\u00f6ste Spitze\" data-rl_title=\"Angel\u00f6ste Spitze\" class=\"rl-gallery-link\" data-rl_caption=\"Leicht angel\u00f6ste Spitze 15 x 6 cm\" data-rel=\"lightbox-gallery-1\" data-magnific_type=\"gallery\"><img loading=\"lazy\" decoding=\"async\" width=\"150\" height=\"150\" src=\"http:\/\/www.kristallkluft.at\/Kristallkluft\/wp-content\/uploads\/2016\/09\/14731640506057-150x150.jpg\" class=\"attachment-thumbnail size-thumbnail\" alt=\"\" aria-describedby=\"gallery-1-553\" srcset=\"http:\/\/www.kristallkluft.at\/Kristallkluft\/wp-content\/uploads\/2016\/09\/14731640506057-150x150.jpg 150w, http:\/\/www.kristallkluft.at\/Kristallkluft\/wp-content\/uploads\/2016\/09\/14731640506057-160x160.jpg 160w, http:\/\/www.kristallkluft.at\/Kristallkluft\/wp-content\/uploads\/2016\/09\/14731640506057-320x320.jpg 320w\" sizes=\"auto, (max-width: 150px) 100vw, 150px\" \/><\/a>\n\t\t\t<\/dt>\n\t\t\t\t<dd class='wp-caption-text gallery-caption' id='gallery-1-553'>\n\t\t\t\tLeicht angel\u00f6ste Spitze 15 x 6 cm\n\t\t\t\t<\/dd><\/dl><br style=\"clear: both\" \/><dl class='gallery-item'>\n\t\t\t<dt class='gallery-icon portrait'>\n\t\t\t\t<a href='http:\/\/www.kristallkluft.at\/Kristallkluft\/wp-content\/uploads\/2016\/09\/14731640507838.jpg' title=\"Doppelender\" data-rl_title=\"Doppelender\" class=\"rl-gallery-link\" data-rl_caption=\"Doppelender 15x3cm\" data-rel=\"lightbox-gallery-1\" data-magnific_type=\"gallery\"><img loading=\"lazy\" decoding=\"async\" width=\"150\" height=\"150\" src=\"http:\/\/www.kristallkluft.at\/Kristallkluft\/wp-content\/uploads\/2016\/09\/14731640507838-150x150.jpg\" class=\"attachment-thumbnail size-thumbnail\" alt=\"\" aria-describedby=\"gallery-1-554\" srcset=\"http:\/\/www.kristallkluft.at\/Kristallkluft\/wp-content\/uploads\/2016\/09\/14731640507838-150x150.jpg 150w, http:\/\/www.kristallkluft.at\/Kristallkluft\/wp-content\/uploads\/2016\/09\/14731640507838-160x160.jpg 160w, http:\/\/www.kristallkluft.at\/Kristallkluft\/wp-content\/uploads\/2016\/09\/14731640507838-320x320.jpg 320w\" sizes=\"auto, (max-width: 150px) 100vw, 150px\" \/><\/a>\n\t\t\t<\/dt>\n\t\t\t\t<dd class='wp-caption-text gallery-caption' id='gallery-1-554'>\n\t\t\t\tDoppelender 15x3cm\n\t\t\t\t<\/dd><\/dl><dl class='gallery-item'>\n\t\t\t<dt class='gallery-icon portrait'>\n\t\t\t\t<a href='http:\/\/www.kristallkluft.at\/Kristallkluft\/wp-content\/uploads\/2016\/09\/14731640510469.jpg' title=\"Klare Spitze\" data-rl_title=\"Klare Spitze\" class=\"rl-gallery-link\" data-rl_caption=\"Angel\u00f6ste Spitze 7x5 cm\" data-rel=\"lightbox-gallery-1\" data-magnific_type=\"gallery\"><img loading=\"lazy\" decoding=\"async\" width=\"150\" height=\"150\" src=\"http:\/\/www.kristallkluft.at\/Kristallkluft\/wp-content\/uploads\/2016\/09\/14731640510469-150x150.jpg\" class=\"attachment-thumbnail size-thumbnail\" alt=\"\" aria-describedby=\"gallery-1-555\" srcset=\"http:\/\/www.kristallkluft.at\/Kristallkluft\/wp-content\/uploads\/2016\/09\/14731640510469-150x150.jpg 150w, http:\/\/www.kristallkluft.at\/Kristallkluft\/wp-content\/uploads\/2016\/09\/14731640510469-160x160.jpg 160w, http:\/\/www.kristallkluft.at\/Kristallkluft\/wp-content\/uploads\/2016\/09\/14731640510469-320x320.jpg 320w\" sizes=\"auto, (max-width: 150px) 100vw, 150px\" \/><\/a>\n\t\t\t<\/dt>\n\t\t\t\t<dd class='wp-caption-text gallery-caption' id='gallery-1-555'>\n\t\t\t\tAngel\u00f6ste Spitze 7&#215;5 cm\n\t\t\t\t<\/dd><\/dl><dl class='gallery-item'>\n\t\t\t<dt class='gallery-icon portrait'>\n\t\t\t\t<a href='http:\/\/www.kristallkluft.at\/Kristallkluft\/wp-content\/uploads\/2016\/09\/14731640510500.jpg' title=\"wie Eis\" data-rl_title=\"wie Eis\" class=\"rl-gallery-link\" data-rl_caption=\"Angel\u00f6ste Spitze 15x4cm\" data-rel=\"lightbox-gallery-1\" data-magnific_type=\"gallery\"><img loading=\"lazy\" decoding=\"async\" width=\"150\" height=\"150\" src=\"http:\/\/www.kristallkluft.at\/Kristallkluft\/wp-content\/uploads\/2016\/09\/14731640510500-150x150.jpg\" class=\"attachment-thumbnail size-thumbnail\" alt=\"\" aria-describedby=\"gallery-1-556\" srcset=\"http:\/\/www.kristallkluft.at\/Kristallkluft\/wp-content\/uploads\/2016\/09\/14731640510500-150x150.jpg 150w, http:\/\/www.kristallkluft.at\/Kristallkluft\/wp-content\/uploads\/2016\/09\/14731640510500-160x160.jpg 160w, http:\/\/www.kristallkluft.at\/Kristallkluft\/wp-content\/uploads\/2016\/09\/14731640510500-320x320.jpg 320w\" sizes=\"auto, (max-width: 150px) 100vw, 150px\" \/><\/a>\n\t\t\t<\/dt>\n\t\t\t\t<dd class='wp-caption-text gallery-caption' id='gallery-1-556'>\n\t\t\t\tAngel\u00f6ste Spitze 15x4cm\n\t\t\t\t<\/dd><\/dl><br style=\"clear: both\" \/>\n\t\t<\/div>\n\n<p>Und hier noch ein paar Videos von der zweiten Kluft:<br \/>\n<strong>Der gro\u00dfe Spitz &#8211; Teil 1<\/strong><\/p>\n<div style=\"width: 400px;\" class=\"wp-video\"><!--[if lt IE 9]><script>document.createElement('video');<\/script><![endif]-->\n<video class=\"wp-video-shortcode\" id=\"video-545-1\" width=\"400\" height=\"320\" preload=\"metadata\" controls=\"controls\"><source type=\"video\/mp4\" src=\"http:\/\/www.kristallkluft.at\/Kristallkluft\/wp-content\/uploads\/2016\/09\/20160814_1456381.mp4?_=1\" \/><a href=\"http:\/\/www.kristallkluft.at\/Kristallkluft\/wp-content\/uploads\/2016\/09\/20160814_1456381.mp4\">http:\/\/www.kristallkluft.at\/Kristallkluft\/wp-content\/uploads\/2016\/09\/20160814_1456381.mp4<\/a><\/video><\/div>\n<p><strong>Der gro\u00dfe Spitz &#8211; Teil 2<\/strong><\/p>\n<div style=\"width: 400px;\" class=\"wp-video\"><video class=\"wp-video-shortcode\" id=\"video-545-2\" width=\"400\" height=\"320\" preload=\"metadata\" controls=\"controls\"><source type=\"video\/mp4\" src=\"http:\/\/www.kristallkluft.at\/Kristallkluft\/wp-content\/uploads\/2016\/09\/20160814_1502251.mp4?_=2\" \/><a href=\"http:\/\/www.kristallkluft.at\/Kristallkluft\/wp-content\/uploads\/2016\/09\/20160814_1502251.mp4\">http:\/\/www.kristallkluft.at\/Kristallkluft\/wp-content\/uploads\/2016\/09\/20160814_1502251.mp4<\/a><\/video><\/div>\n<p><strong>Klare Spitze<\/strong><\/p>\n<div style=\"width: 400px;\" class=\"wp-video\"><video class=\"wp-video-shortcode\" id=\"video-545-3\" width=\"400\" height=\"320\" preload=\"metadata\" controls=\"controls\"><source type=\"video\/mp4\" src=\"http:\/\/www.kristallkluft.at\/Kristallkluft\/wp-content\/uploads\/2016\/09\/20160814_1519461.mp4?_=3\" \/><a href=\"http:\/\/www.kristallkluft.at\/Kristallkluft\/wp-content\/uploads\/2016\/09\/20160814_1519461.mp4\">http:\/\/www.kristallkluft.at\/Kristallkluft\/wp-content\/uploads\/2016\/09\/20160814_1519461.mp4<\/a><\/video><\/div>\n","protected":false},"excerpt":{"rendered":"<p>Oft gibt es Fundgebiete die man schon des \u00f6fteren besucht hat und eigentlich der Meinung ist, dass es dort nichts mehr zu finden gibt. Nach zwei Jahren habe ich mich aber wieder einmal \u00fcberwinden&#46;&#46;&#46;<\/p>\n","protected":false},"author":12,"featured_media":556,"comment_status":"open","ping_status":"open","sticky":false,"template":"","format":"gallery","meta":{"footnotes":""},"categories":[10],"tags":[],"class_list":["post-545","post","type-post","status-publish","format-gallery","has-post-thumbnail","hentry","category-touren-archiv","post_format-post-format-gallery"],"_links":{"self":[{"href":"http:\/\/www.kristallkluft.at\/Kristallkluft\/wp-json\/wp\/v2\/posts\/545","targetHints":{"allow":["GET"]}}],"collection":[{"href":"http:\/\/www.kristallkluft.at\/Kristallkluft\/wp-json\/wp\/v2\/posts"}],"about":[{"href":"http:\/\/www.kristallkluft.at\/Kristallkluft\/wp-json\/wp\/v2\/types\/post"}],"author":[{"embeddable":true,"href":"http:\/\/www.kristallkluft.at\/Kristallkluft\/wp-json\/wp\/v2\/users\/12"}],"replies":[{"embeddable":true,"href":"http:\/\/www.kristallkluft.at\/Kristallkluft\/wp-json\/wp\/v2\/comments?post=545"}],"version-history":[{"count":9,"href":"http:\/\/www.kristallkluft.at\/Kristallkluft\/wp-json\/wp\/v2\/posts\/545\/revisions"}],"predecessor-version":[{"id":572,"href":"http:\/\/www.kristallkluft.at\/Kristallkluft\/wp-json\/wp\/v2\/posts\/545\/revisions\/572"}],"wp:featuredmedia":[{"embeddable":true,"href":"http:\/\/www.kristallkluft.at\/Kristallkluft\/wp-json\/wp\/v2\/media\/556"}],"wp:attachment":[{"href":"http:\/\/www.kristallkluft.at\/Kristallkluft\/wp-json\/wp\/v2\/media?parent=545"}],"wp:term":[{"taxonomy":"category","embeddable":true,"href":"http:\/\/www.kristallkluft.at\/Kristallkluft\/wp-json\/wp\/v2\/categories?post=545"},{"taxonomy":"post_tag","embeddable":true,"href":"http:\/\/www.kristallkluft.at\/Kristallkluft\/wp-json\/wp\/v2\/tags?post=545"}],"curies":[{"name":"wp","href":"https:\/\/api.w.org\/{rel}","templated":true}]}}