{"id":791,"date":"2018-05-12T06:54:12","date_gmt":"2018-05-12T04:54:12","guid":{"rendered":"http:\/\/www.kristallkluft.at\/Kristallkluft\/?p=791"},"modified":"2019-11-03T08:53:15","modified_gmt":"2019-11-03T07:53:15","slug":"neues-aus-den-bergen-9","status":"publish","type":"post","link":"http:\/\/www.kristallkluft.at\/Kristallkluft\/neues-aus-den-bergen-9\/","title":{"rendered":"1. Tour 2018"},"content":{"rendered":"<div>\n<p>Die erste Tour im Maltatal beginnt in einer Zone die Christian im letzten Jahr ersp\u00e4ht hat. Leider ist der Zustieg ohne Seil nicht m\u00f6glich. Da kommt gleich mal Spa\u00df auf bei der ersten Tour in 2018. Das Ergebnis war aber o.k. Ein paar sch\u00f6ne Adulare und zumindest ein paar kleine Bergkristalle.<\/p>\n\n\t\t<style type=\"text\/css\">\n\t\t\t#gallery-1 {\n\t\t\t\tmargin: auto;\n\t\t\t}\n\t\t\t#gallery-1 .gallery-item {\n\t\t\t\tfloat: left;\n\t\t\t\tmargin-top: 10px;\n\t\t\t\ttext-align: center;\n\t\t\t\twidth: 33%;\n\t\t\t}\n\t\t\t#gallery-1 img {\n\t\t\t\tborder: 2px solid #cfcfcf;\n\t\t\t}\n\t\t\t#gallery-1 .gallery-caption {\n\t\t\t\tmargin-left: 0;\n\t\t\t}\n\t\t\t\/* see gallery_shortcode() in wp-includes\/media.php *\/\n\t\t<\/style>\n\t\t<div id='gallery-1' class='gallery galleryid-791 gallery-columns-3 gallery-size-thumbnail'><dl class='gallery-item'>\n\t\t\t<dt class='gallery-icon landscape'>\n\t\t\t\t<a href='http:\/\/www.kristallkluft.at\/Kristallkluft\/wp-content\/uploads\/2018\/06\/15287792383176.jpg' title=\"15287792383176\" data-rl_title=\"15287792383176\" class=\"rl-gallery-link\" data-rl_caption=\"Abw\u00e4rts zu neuen H\u00f6hen\" data-rel=\"lightbox-gallery-1\" data-magnific_type=\"gallery\"><img loading=\"lazy\" decoding=\"async\" width=\"150\" height=\"150\" src=\"http:\/\/www.kristallkluft.at\/Kristallkluft\/wp-content\/uploads\/2018\/06\/15287792383176-150x150.jpg\" class=\"attachment-thumbnail size-thumbnail\" alt=\"\" aria-describedby=\"gallery-1-798\" srcset=\"http:\/\/www.kristallkluft.at\/Kristallkluft\/wp-content\/uploads\/2018\/06\/15287792383176-150x150.jpg 150w, http:\/\/www.kristallkluft.at\/Kristallkluft\/wp-content\/uploads\/2018\/06\/15287792383176-160x160.jpg 160w, http:\/\/www.kristallkluft.at\/Kristallkluft\/wp-content\/uploads\/2018\/06\/15287792383176-320x320.jpg 320w\" sizes=\"auto, (max-width: 150px) 100vw, 150px\" \/><\/a>\n\t\t\t<\/dt>\n\t\t\t\t<dd class='wp-caption-text gallery-caption' id='gallery-1-798'>\n\t\t\t\tAbw\u00e4rts zu neuen H\u00f6hen\n\t\t\t\t<\/dd><\/dl><dl class='gallery-item'>\n\t\t\t<dt class='gallery-icon portrait'>\n\t\t\t\t<a href='http:\/\/www.kristallkluft.at\/Kristallkluft\/wp-content\/uploads\/2018\/06\/15287792379110.jpg' title=\"15287792379110\" data-rl_title=\"15287792379110\" class=\"rl-gallery-link\" data-rl_caption=\"Zone passt .. Erste Kl\u00fcfte\" data-rel=\"lightbox-gallery-1\" data-magnific_type=\"gallery\"><img loading=\"lazy\" decoding=\"async\" width=\"150\" height=\"150\" src=\"http:\/\/www.kristallkluft.at\/Kristallkluft\/wp-content\/uploads\/2018\/06\/15287792379110-150x150.jpg\" class=\"attachment-thumbnail size-thumbnail\" alt=\"\" aria-describedby=\"gallery-1-792\" srcset=\"http:\/\/www.kristallkluft.at\/Kristallkluft\/wp-content\/uploads\/2018\/06\/15287792379110-150x150.jpg 150w, http:\/\/www.kristallkluft.at\/Kristallkluft\/wp-content\/uploads\/2018\/06\/15287792379110-160x160.jpg 160w, http:\/\/www.kristallkluft.at\/Kristallkluft\/wp-content\/uploads\/2018\/06\/15287792379110-320x320.jpg 320w\" sizes=\"auto, (max-width: 150px) 100vw, 150px\" \/><\/a>\n\t\t\t<\/dt>\n\t\t\t\t<dd class='wp-caption-text gallery-caption' id='gallery-1-792'>\n\t\t\t\tZone passt .. Erste Kl\u00fcfte\n\t\t\t\t<\/dd><\/dl><dl class='gallery-item'>\n\t\t\t<dt class='gallery-icon landscape'>\n\t\t\t\t<a href='http:\/\/www.kristallkluft.at\/Kristallkluft\/wp-content\/uploads\/2018\/06\/15287792381202.jpg' title=\"15287792381202\" data-rl_title=\"15287792381202\" class=\"rl-gallery-link\" data-rl_caption=\"Diesmal Adular .. sehr selten in der Gegend\" data-rel=\"lightbox-gallery-1\" data-magnific_type=\"gallery\"><img loading=\"lazy\" decoding=\"async\" width=\"150\" height=\"150\" src=\"http:\/\/www.kristallkluft.at\/Kristallkluft\/wp-content\/uploads\/2018\/06\/15287792381202-150x150.jpg\" class=\"attachment-thumbnail size-thumbnail\" alt=\"\" aria-describedby=\"gallery-1-794\" srcset=\"http:\/\/www.kristallkluft.at\/Kristallkluft\/wp-content\/uploads\/2018\/06\/15287792381202-150x150.jpg 150w, http:\/\/www.kristallkluft.at\/Kristallkluft\/wp-content\/uploads\/2018\/06\/15287792381202-160x160.jpg 160w, http:\/\/www.kristallkluft.at\/Kristallkluft\/wp-content\/uploads\/2018\/06\/15287792381202-320x320.jpg 320w\" sizes=\"auto, (max-width: 150px) 100vw, 150px\" \/><\/a>\n\t\t\t<\/dt>\n\t\t\t\t<dd class='wp-caption-text gallery-caption' id='gallery-1-794'>\n\t\t\t\tDiesmal Adular .. sehr selten in der Gegend\n\t\t\t\t<\/dd><\/dl><br style=\"clear: both\" \/><dl class='gallery-item'>\n\t\t\t<dt class='gallery-icon landscape'>\n\t\t\t\t<a href='http:\/\/www.kristallkluft.at\/Kristallkluft\/wp-content\/uploads\/2018\/06\/15287792381553.jpg' title=\"Adular 6x5cm\" data-rl_title=\"Adular 6x5cm\" class=\"rl-gallery-link\" data-rl_caption=\"Ein St\u00fcck f\u00fcr die Vitrine!\" data-rel=\"lightbox-gallery-1\" data-magnific_type=\"gallery\"><img loading=\"lazy\" decoding=\"async\" width=\"150\" height=\"150\" src=\"http:\/\/www.kristallkluft.at\/Kristallkluft\/wp-content\/uploads\/2018\/06\/15287792381553-150x150.jpg\" class=\"attachment-thumbnail size-thumbnail\" alt=\"\" aria-describedby=\"gallery-1-795\" srcset=\"http:\/\/www.kristallkluft.at\/Kristallkluft\/wp-content\/uploads\/2018\/06\/15287792381553-150x150.jpg 150w, http:\/\/www.kristallkluft.at\/Kristallkluft\/wp-content\/uploads\/2018\/06\/15287792381553-160x160.jpg 160w, http:\/\/www.kristallkluft.at\/Kristallkluft\/wp-content\/uploads\/2018\/06\/15287792381553-320x320.jpg 320w\" sizes=\"auto, (max-width: 150px) 100vw, 150px\" \/><\/a>\n\t\t\t<\/dt>\n\t\t\t\t<dd class='wp-caption-text gallery-caption' id='gallery-1-795'>\n\t\t\t\tEin St\u00fcck f\u00fcr die Vitrine! \n\t\t\t\t<\/dd><\/dl><dl class='gallery-item'>\n\t\t\t<dt class='gallery-icon portrait'>\n\t\t\t\t<a href='http:\/\/www.kristallkluft.at\/Kristallkluft\/wp-content\/uploads\/2018\/06\/15287792380731.jpg' title=\"15287792380731\" data-rl_title=\"15287792380731\" class=\"rl-gallery-link\" data-rl_caption=\"Riesen L\u00f6cher .. wenig Inhalt\" data-rel=\"lightbox-gallery-1\" data-magnific_type=\"gallery\"><img loading=\"lazy\" decoding=\"async\" width=\"150\" height=\"150\" src=\"http:\/\/www.kristallkluft.at\/Kristallkluft\/wp-content\/uploads\/2018\/06\/15287792380731-150x150.jpg\" class=\"attachment-thumbnail size-thumbnail\" alt=\"\" aria-describedby=\"gallery-1-793\" srcset=\"http:\/\/www.kristallkluft.at\/Kristallkluft\/wp-content\/uploads\/2018\/06\/15287792380731-150x150.jpg 150w, http:\/\/www.kristallkluft.at\/Kristallkluft\/wp-content\/uploads\/2018\/06\/15287792380731-160x160.jpg 160w, http:\/\/www.kristallkluft.at\/Kristallkluft\/wp-content\/uploads\/2018\/06\/15287792380731-320x320.jpg 320w\" sizes=\"auto, (max-width: 150px) 100vw, 150px\" \/><\/a>\n\t\t\t<\/dt>\n\t\t\t\t<dd class='wp-caption-text gallery-caption' id='gallery-1-793'>\n\t\t\t\tRiesen L\u00f6cher .. wenig Inhalt\n\t\t\t\t<\/dd><\/dl><dl class='gallery-item'>\n\t\t\t<dt class='gallery-icon landscape'>\n\t\t\t\t<a href='http:\/\/www.kristallkluft.at\/Kristallkluft\/wp-content\/uploads\/2018\/06\/15287792382734.jpg' title=\"15287792382734\" data-rl_title=\"15287792382734\" class=\"rl-gallery-link\" data-rl_caption=\"Auch Bergkristalle gibt es hier\" data-rel=\"lightbox-gallery-1\" data-magnific_type=\"gallery\"><img loading=\"lazy\" decoding=\"async\" width=\"150\" height=\"150\" src=\"http:\/\/www.kristallkluft.at\/Kristallkluft\/wp-content\/uploads\/2018\/06\/15287792382734-150x150.jpg\" class=\"attachment-thumbnail size-thumbnail\" alt=\"\" aria-describedby=\"gallery-1-796\" srcset=\"http:\/\/www.kristallkluft.at\/Kristallkluft\/wp-content\/uploads\/2018\/06\/15287792382734-150x150.jpg 150w, http:\/\/www.kristallkluft.at\/Kristallkluft\/wp-content\/uploads\/2018\/06\/15287792382734-160x160.jpg 160w, http:\/\/www.kristallkluft.at\/Kristallkluft\/wp-content\/uploads\/2018\/06\/15287792382734-320x320.jpg 320w\" sizes=\"auto, (max-width: 150px) 100vw, 150px\" \/><\/a>\n\t\t\t<\/dt>\n\t\t\t\t<dd class='wp-caption-text gallery-caption' id='gallery-1-796'>\n\t\t\t\tAuch Bergkristalle gibt es hier\n\t\t\t\t<\/dd><\/dl><br style=\"clear: both\" \/><dl class='gallery-item'>\n\t\t\t<dt class='gallery-icon landscape'>\n\t\t\t\t<a href='http:\/\/www.kristallkluft.at\/Kristallkluft\/wp-content\/uploads\/2018\/06\/15287793470712.jpg' title=\"Adular 6x5cm\" data-rl_title=\"Adular 6x5cm\" class=\"rl-gallery-link\" data-rl_caption=\"Adular 6x5cm\" data-rel=\"lightbox-gallery-1\" data-magnific_type=\"gallery\"><img loading=\"lazy\" decoding=\"async\" width=\"150\" height=\"150\" src=\"http:\/\/www.kristallkluft.at\/Kristallkluft\/wp-content\/uploads\/2018\/06\/15287793470712-150x150.jpg\" class=\"attachment-thumbnail size-thumbnail\" alt=\"\" aria-describedby=\"gallery-1-806\" srcset=\"http:\/\/www.kristallkluft.at\/Kristallkluft\/wp-content\/uploads\/2018\/06\/15287793470712-150x150.jpg 150w, http:\/\/www.kristallkluft.at\/Kristallkluft\/wp-content\/uploads\/2018\/06\/15287793470712-160x160.jpg 160w, http:\/\/www.kristallkluft.at\/Kristallkluft\/wp-content\/uploads\/2018\/06\/15287793470712-320x320.jpg 320w\" sizes=\"auto, (max-width: 150px) 100vw, 150px\" \/><\/a>\n\t\t\t<\/dt>\n\t\t\t\t<dd class='wp-caption-text gallery-caption' id='gallery-1-806'>\n\t\t\t\tAdular 6x5cm\n\t\t\t\t<\/dd><\/dl><dl class='gallery-item'>\n\t\t\t<dt class='gallery-icon landscape'>\n\t\t\t\t<a href='http:\/\/www.kristallkluft.at\/Kristallkluft\/wp-content\/uploads\/2018\/06\/15287793471253.jpg' title=\"Adular 3x3cm\" data-rl_title=\"Adular 3x3cm\" class=\"rl-gallery-link\" data-rl_caption=\"\" data-rel=\"lightbox-gallery-1\" data-magnific_type=\"gallery\"><img loading=\"lazy\" decoding=\"async\" width=\"150\" height=\"150\" src=\"http:\/\/www.kristallkluft.at\/Kristallkluft\/wp-content\/uploads\/2018\/06\/15287793471253-150x150.jpg\" class=\"attachment-thumbnail size-thumbnail\" alt=\"\" srcset=\"http:\/\/www.kristallkluft.at\/Kristallkluft\/wp-content\/uploads\/2018\/06\/15287793471253-150x150.jpg 150w, http:\/\/www.kristallkluft.at\/Kristallkluft\/wp-content\/uploads\/2018\/06\/15287793471253-160x160.jpg 160w, http:\/\/www.kristallkluft.at\/Kristallkluft\/wp-content\/uploads\/2018\/06\/15287793471253-320x320.jpg 320w\" sizes=\"auto, (max-width: 150px) 100vw, 150px\" \/><\/a>\n\t\t\t<\/dt><\/dl>\n\t\t\t<br style='clear: both' \/>\n\t\t<\/div>\n\n<\/div>\n","protected":false},"excerpt":{"rendered":"<p>Die erste Tour im Maltatal beginnt in einer Zone die Christian im letzten Jahr ersp\u00e4ht hat. Leider ist der Zustieg ohne Seil nicht m\u00f6glich. Da kommt gleich mal Spa\u00df auf bei der ersten Tour&#46;&#46;&#46;<\/p>\n","protected":false},"author":12,"featured_media":795,"comment_status":"open","ping_status":"open","sticky":false,"template":"","format":"gallery","meta":{"footnotes":""},"categories":[10],"tags":[],"class_list":["post-791","post","type-post","status-publish","format-gallery","has-post-thumbnail","hentry","category-touren-archiv","post_format-post-format-gallery"],"_links":{"self":[{"href":"http:\/\/www.kristallkluft.at\/Kristallkluft\/wp-json\/wp\/v2\/posts\/791","targetHints":{"allow":["GET"]}}],"collection":[{"href":"http:\/\/www.kristallkluft.at\/Kristallkluft\/wp-json\/wp\/v2\/posts"}],"about":[{"href":"http:\/\/www.kristallkluft.at\/Kristallkluft\/wp-json\/wp\/v2\/types\/post"}],"author":[{"embeddable":true,"href":"http:\/\/www.kristallkluft.at\/Kristallkluft\/wp-json\/wp\/v2\/users\/12"}],"replies":[{"embeddable":true,"href":"http:\/\/www.kristallkluft.at\/Kristallkluft\/wp-json\/wp\/v2\/comments?post=791"}],"version-history":[{"count":4,"href":"http:\/\/www.kristallkluft.at\/Kristallkluft\/wp-json\/wp\/v2\/posts\/791\/revisions"}],"predecessor-version":[{"id":835,"href":"http:\/\/www.kristallkluft.at\/Kristallkluft\/wp-json\/wp\/v2\/posts\/791\/revisions\/835"}],"wp:featuredmedia":[{"embeddable":true,"href":"http:\/\/www.kristallkluft.at\/Kristallkluft\/wp-json\/wp\/v2\/media\/795"}],"wp:attachment":[{"href":"http:\/\/www.kristallkluft.at\/Kristallkluft\/wp-json\/wp\/v2\/media?parent=791"}],"wp:term":[{"taxonomy":"category","embeddable":true,"href":"http:\/\/www.kristallkluft.at\/Kristallkluft\/wp-json\/wp\/v2\/categories?post=791"},{"taxonomy":"post_tag","embeddable":true,"href":"http:\/\/www.kristallkluft.at\/Kristallkluft\/wp-json\/wp\/v2\/tags?post=791"}],"curies":[{"name":"wp","href":"https:\/\/api.w.org\/{rel}","templated":true}]}}